{"id":1761,"date":"2021-10-27T21:00:30","date_gmt":"2021-10-27T21:00:30","guid":{"rendered":"https:\/\/2021.smartravel.pt\/?p=1761"},"modified":"2021-10-27T21:17:04","modified_gmt":"2021-10-27T21:17:04","slug":"a-cidade-de-famalicao-sera-o-palco-do-smart-travel-2021","status":"publish","type":"post","link":"https:\/\/2021.smartravel.pt\/pt-pt\/2021\/10\/27\/a-cidade-de-famalicao-sera-o-palco-do-smart-travel-2021\/","title":{"rendered":"A cidade de Famalic\u00e3o ser\u00e1 o palco do Smart Travel 2021"},"content":{"rendered":"<p>O evento mais antigo em Portugal dedicado \u00e0s smart cities vai decorrer este ano na cidade de Famalic\u00e3o.<\/p>\n<p>Fruto da pandemia, o evento foi completamente digital em 2020, mas, este ano, regressa num modelo h\u00edbrido dividido por dois palcos na cidade nortenha, entre os quais a <a href=\"http:\/\/www.camilocastelobranco.org\/\">Casa de Camilo<\/a>, uma casa museu recuperada e dedicada ao escritor portugu\u00eas.<\/p>\n<p>Famalic\u00e3o tem apostado fortemente no desenvolvimento da sua plataforma de Smart City \u201c<a href=\"https:\/\/famalicao.city-platform.com\/portal\/\">Famalic\u00e3o B Smart<\/a>\u201d.<\/p>\n<p>Desde 2019 que a cidade tem estado a trabalhar na agrega\u00e7\u00e3o de informa\u00e7\u00e3o, com prioridade para os indicadores de gest\u00e3o interna do munic\u00edpio, que \u201cacabam, mais tarde, por ser tamb\u00e9m externos\u201d, explicou V\u00edtor Moreira, o respons\u00e1vel do projeto. Este \u00e9 um trabalho que chega a \u201ctoda a gente dentro da autarquia\u201d, numa abordagem transversal, refere, esclarecendo que a inten\u00e7\u00e3o do munic\u00edpio para se tornar uma cidade inteligente passa por trabalhar \u201chorizontalmente\u201d e n\u00e3o se focando apenas em determinados verticais.<\/p>\n<p>Tornar-se em 2021 na cidade anfitri\u00e3 de um dos mais importantes eventos internacionais de smart cities e smart tourism ser\u00e1 mais um impulso para colocar Famalic\u00e3o no radar dos bons exemplos de pol\u00edticas de intelig\u00eancia urbana, com estrat\u00e9gias de desenvolvimento sustent\u00e1vel para o futuro.<\/p>\n<p>O Smart Travel 2021 regressa este ano de 2 a 4 de Dezembro, a participa\u00e7\u00e3o presencial \u00e9 limitada, fruto ainda da situa\u00e7\u00e3o pand\u00e9mica.<\/p>\n<p>No evento v\u00e3o participar novos nomes sonantes das smart cities na Europa e no mundo como s\u00e3o os casos de <a href=\"https:\/\/2021.smartravel.pt\/portfolio\/carles-agusti-i-hernandez\/\">Carles Augusti I Hernandez<\/a>, <a href=\"https:\/\/2021.smartravel.pt\/portfolio\/rhonda-binda\/\">Rhonda Binda<\/a>, <a href=\"https:\/\/2021.smartravel.pt\/portfolio\/barry-rogers\/\">Barry Rogers<\/a>, <a href=\"https:\/\/2021.smartravel.pt\/portfolio\/xabier-arruza\/\">Xabier Arruza<\/a>, <a href=\"https:\/\/2021.smartravel.pt\/portfolio\/huang-cui-chief-representative-of-beijing-office-of-hainan-provincial-bureau-of-international-economic-development-iedb\/\">Huang Cui<\/a>, <a href=\"https:\/\/2021.smartravel.pt\/portfolio\/pedro-neves\/\">Pedro Neves<\/a>, <a href=\"https:\/\/2021.smartravel.pt\/portfolio\/scott-shepard-vp-global-public-sector-iomob\/\">Scott Shepard<\/a>, <a href=\"https:\/\/2021.smartravel.pt\/portfolio\/carolina-tkachuk-smart-cities-network-of-argentina\/\">Carolina Tkachuk<\/a>, <a href=\"https:\/\/2021.smartravel.pt\/portfolio\/luis-rato-empreendedor-e-fundador-associacao-street-food-portugal\/\">Luis Rato<\/a>, <a href=\"https:\/\/2021.smartravel.pt\/portfolio\/margarida-campolargo-arquitecta-consultora\/\">Margarida Campolargo<\/a>, entre outros.<\/p>\n<p>O Smart Travel \u00e9 cada vez mais um Festival de Intelig\u00eancia com viagens pelo mundo descobrindo as melhores praticas, mas tamb\u00e9m inova\u00e7\u00f5es e aspetos criativos do urbanismo e turismo, especialmente dedicado \u00e0s pequenas e m\u00e9dias cidades.<\/p>\n<p>Este ano, em destaque, cidades como Dublin, Bilbao, Hainan, Roma, Barcelona, Nova Iorque, entre outras. Em Portugal, al\u00e9m de Famalic\u00e3o, estar\u00e3o em destaque as cidades de Oeiras, Vizela, Cartaxo, Porto e Bragan\u00e7a que \u00e9 a cidade onde nasceu o evento em 2014.<\/p>\n","protected":false},"excerpt":{"rendered":"<p>O evento mais antigo em Portugal dedicado &agrave;s smart cities vai decorrer este ano na cidade de Famalic&atilde;o. Fruto da<\/p>\n<p><a href=\"https:\/\/2021.smartravel.pt\/pt-pt\/2021\/10\/27\/a-cidade-de-famalicao-sera-o-palco-do-smart-travel-2021\/\" class=\"more-link\">Continue reading<span class=\"screen-reader-text\">A cidade de Famalic\u00e3o ser\u00e1 o palco do Smart Travel 2021<\/span><\/a><\/p>\n","protected":false},"author":1,"featured_media":1762,"comment_status":"open","ping_status":"open","sticky":false,"template":"","format":"standard","meta":{"_links_to":"","_links_to_target":""},"categories":[13,19],"tags":[],"yoast_head":"<!-- This site is optimized with the Yoast SEO plugin v17.7.1 - https:\/\/yoast.com\/wordpress\/plugins\/seo\/ -->\n<title>A cidade de Famalic\u00e3o ser\u00e1 o palco do Smart Travel 2021 - Smart Travel 2021<\/title>\n<meta name=\"robots\" content=\"index, follow, max-snippet:-1, max-image-preview:large, max-video-preview:-1\" \/>\n<link rel=\"canonical\" href=\"https:\/\/2021.smartravel.pt\/pt-pt\/2021\/10\/27\/a-cidade-de-famalicao-sera-o-palco-do-smart-travel-2021\/\" \/>\n<meta property=\"og:locale\" content=\"pt_PT\" \/>\n<meta property=\"og:type\" content=\"article\" \/>\n<meta property=\"og:title\" content=\"A cidade de Famalic\u00e3o ser\u00e1 o palco do Smart Travel 2021 - Smart Travel 2021\" \/>\n<meta property=\"og:description\" content=\"O evento mais antigo em Portugal dedicado &agrave;s smart cities vai decorrer este ano na cidade de Famalic&atilde;o. Fruto daContinue readingA cidade de Famalic\u00e3o ser\u00e1 o palco do Smart Travel 2021\" \/>\n<meta property=\"og:url\" content=\"https:\/\/2021.smartravel.pt\/pt-pt\/2021\/10\/27\/a-cidade-de-famalicao-sera-o-palco-do-smart-travel-2021\/\" \/>\n<meta property=\"og:site_name\" content=\"Smart Travel 2021\" \/>\n<meta property=\"article:publisher\" content=\"https:\/\/www.facebook.com\/smartravelevent\/\" \/>\n<meta property=\"article:published_time\" content=\"2021-10-27T21:00:30+00:00\" \/>\n<meta property=\"article:modified_time\" content=\"2021-10-27T21:17:04+00:00\" \/>\n<meta property=\"og:image\" content=\"https:\/\/2021.smartravel.pt\/wp-content\/uploads\/2021\/10\/famalica\u0303o.jpg\" \/>\n\t<meta property=\"og:image:width\" content=\"1024\" \/>\n\t<meta property=\"og:image:height\" content=\"576\" \/>\n<meta name=\"twitter:card\" content=\"summary_large_image\" \/>\n<meta name=\"twitter:creator\" content=\"@smartravel\" \/>\n<meta name=\"twitter:site\" content=\"@smartravel\" \/>\n<meta name=\"twitter:label1\" content=\"Escrito por\" \/>\n\t<meta name=\"twitter:data1\" content=\"admin\" \/>\n\t<meta name=\"twitter:label2\" content=\"Tempo estimado de leitura\" \/>\n\t<meta name=\"twitter:data2\" content=\"2 minutos\" \/>\n<script type=\"application\/ld+json\" class=\"yoast-schema-graph\">{\"@context\":\"https:\/\/schema.org\",\"@graph\":[{\"@type\":\"WebSite\",\"@id\":\"https:\/\/2021.smartravel.pt\/#website\",\"url\":\"https:\/\/2021.smartravel.pt\/\",\"name\":\"Smart Travel 2021\",\"description\":\"Festival of Intelligence\",\"potentialAction\":[{\"@type\":\"SearchAction\",\"target\":{\"@type\":\"EntryPoint\",\"urlTemplate\":\"https:\/\/2021.smartravel.pt\/?s={search_term_string}\"},\"query-input\":\"required name=search_term_string\"}],\"inLanguage\":\"pt-PT\"},{\"@type\":\"ImageObject\",\"@id\":\"https:\/\/2021.smartravel.pt\/pt-pt\/2021\/10\/27\/a-cidade-de-famalicao-sera-o-palco-do-smart-travel-2021\/#primaryimage\",\"inLanguage\":\"pt-PT\",\"url\":\"https:\/\/2021.smartravel.pt\/wp-content\/uploads\/2021\/10\/famalica\\u0303o.jpg\",\"contentUrl\":\"https:\/\/2021.smartravel.pt\/wp-content\/uploads\/2021\/10\/famalica\\u0303o.jpg\",\"width\":1024,\"height\":576},{\"@type\":\"WebPage\",\"@id\":\"https:\/\/2021.smartravel.pt\/pt-pt\/2021\/10\/27\/a-cidade-de-famalicao-sera-o-palco-do-smart-travel-2021\/#webpage\",\"url\":\"https:\/\/2021.smartravel.pt\/pt-pt\/2021\/10\/27\/a-cidade-de-famalicao-sera-o-palco-do-smart-travel-2021\/\",\"name\":\"A cidade de Famalic\\u00e3o ser\\u00e1 o palco do Smart Travel 2021 - Smart Travel 2021\",\"isPartOf\":{\"@id\":\"https:\/\/2021.smartravel.pt\/#website\"},\"primaryImageOfPage\":{\"@id\":\"https:\/\/2021.smartravel.pt\/pt-pt\/2021\/10\/27\/a-cidade-de-famalicao-sera-o-palco-do-smart-travel-2021\/#primaryimage\"},\"datePublished\":\"2021-10-27T21:00:30+00:00\",\"dateModified\":\"2021-10-27T21:17:04+00:00\",\"author\":{\"@id\":\"https:\/\/2021.smartravel.pt\/#\/schema\/person\/2e689f1884632aabe413899b245efbdb\"},\"breadcrumb\":{\"@id\":\"https:\/\/2021.smartravel.pt\/pt-pt\/2021\/10\/27\/a-cidade-de-famalicao-sera-o-palco-do-smart-travel-2021\/#breadcrumb\"},\"inLanguage\":\"pt-PT\",\"potentialAction\":[{\"@type\":\"ReadAction\",\"target\":[\"https:\/\/2021.smartravel.pt\/pt-pt\/2021\/10\/27\/a-cidade-de-famalicao-sera-o-palco-do-smart-travel-2021\/\"]}]},{\"@type\":\"BreadcrumbList\",\"@id\":\"https:\/\/2021.smartravel.pt\/pt-pt\/2021\/10\/27\/a-cidade-de-famalicao-sera-o-palco-do-smart-travel-2021\/#breadcrumb\",\"itemListElement\":[{\"@type\":\"ListItem\",\"position\":1,\"name\":\"In\\u00edcio\",\"item\":\"https:\/\/2021.smartravel.pt\/pt-pt\/\"},{\"@type\":\"ListItem\",\"position\":2,\"name\":\"A cidade de Famalic\\u00e3o ser\\u00e1 o palco do Smart Travel 2021\"}]},{\"@type\":\"Person\",\"@id\":\"https:\/\/2021.smartravel.pt\/#\/schema\/person\/2e689f1884632aabe413899b245efbdb\",\"name\":\"admin\",\"image\":{\"@type\":\"ImageObject\",\"@id\":\"https:\/\/2021.smartravel.pt\/#personlogo\",\"inLanguage\":\"pt-PT\",\"url\":\"https:\/\/secure.gravatar.com\/avatar\/51f3cf0c199a4bba4480ce0dbb21af77?s=96&d=mm&r=g\",\"contentUrl\":\"https:\/\/secure.gravatar.com\/avatar\/51f3cf0c199a4bba4480ce0dbb21af77?s=96&d=mm&r=g\",\"caption\":\"admin\"},\"sameAs\":[\"https:\/\/2021.smartravel.pt\"],\"url\":\"https:\/\/2021.smartravel.pt\/pt-pt\/author\/admin\/\"}]}<\/script>\n<!-- \/ Yoast SEO plugin. -->","yoast_head_json":{"title":"A cidade de Famalic\u00e3o ser\u00e1 o palco do Smart Travel 2021 - Smart Travel 2021","robots":{"index":"index","follow":"follow","max-snippet":"max-snippet:-1","max-image-preview":"max-image-preview:large","max-video-preview":"max-video-preview:-1"},"canonical":"https:\/\/2021.smartravel.pt\/pt-pt\/2021\/10\/27\/a-cidade-de-famalicao-sera-o-palco-do-smart-travel-2021\/","og_locale":"pt_PT","og_type":"article","og_title":"A cidade de Famalic\u00e3o ser\u00e1 o palco do Smart Travel 2021 - Smart Travel 2021","og_description":"O evento mais antigo em Portugal dedicado &agrave;s smart cities vai decorrer este ano na cidade de Famalic&atilde;o. Fruto daContinue readingA cidade de Famalic\u00e3o ser\u00e1 o palco do Smart Travel 2021","og_url":"https:\/\/2021.smartravel.pt\/pt-pt\/2021\/10\/27\/a-cidade-de-famalicao-sera-o-palco-do-smart-travel-2021\/","og_site_name":"Smart Travel 2021","article_publisher":"https:\/\/www.facebook.com\/smartravelevent\/","article_published_time":"2021-10-27T21:00:30+00:00","article_modified_time":"2021-10-27T21:17:04+00:00","og_image":[{"width":1024,"height":576,"url":"https:\/\/2021.smartravel.pt\/wp-content\/uploads\/2021\/10\/famalica\u0303o.jpg","type":"image\/jpeg"}],"twitter_card":"summary_large_image","twitter_creator":"@smartravel","twitter_site":"@smartravel","twitter_misc":{"Escrito por":"admin","Tempo estimado de leitura":"2 minutos"},"schema":{"@context":"https:\/\/schema.org","@graph":[{"@type":"WebSite","@id":"https:\/\/2021.smartravel.pt\/#website","url":"https:\/\/2021.smartravel.pt\/","name":"Smart Travel 2021","description":"Festival of Intelligence","potentialAction":[{"@type":"SearchAction","target":{"@type":"EntryPoint","urlTemplate":"https:\/\/2021.smartravel.pt\/?s={search_term_string}"},"query-input":"required name=search_term_string"}],"inLanguage":"pt-PT"},{"@type":"ImageObject","@id":"https:\/\/2021.smartravel.pt\/pt-pt\/2021\/10\/27\/a-cidade-de-famalicao-sera-o-palco-do-smart-travel-2021\/#primaryimage","inLanguage":"pt-PT","url":"https:\/\/2021.smartravel.pt\/wp-content\/uploads\/2021\/10\/famalica\u0303o.jpg","contentUrl":"https:\/\/2021.smartravel.pt\/wp-content\/uploads\/2021\/10\/famalica\u0303o.jpg","width":1024,"height":576},{"@type":"WebPage","@id":"https:\/\/2021.smartravel.pt\/pt-pt\/2021\/10\/27\/a-cidade-de-famalicao-sera-o-palco-do-smart-travel-2021\/#webpage","url":"https:\/\/2021.smartravel.pt\/pt-pt\/2021\/10\/27\/a-cidade-de-famalicao-sera-o-palco-do-smart-travel-2021\/","name":"A cidade de Famalic\u00e3o ser\u00e1 o palco do Smart Travel 2021 - Smart Travel 2021","isPartOf":{"@id":"https:\/\/2021.smartravel.pt\/#website"},"primaryImageOfPage":{"@id":"https:\/\/2021.smartravel.pt\/pt-pt\/2021\/10\/27\/a-cidade-de-famalicao-sera-o-palco-do-smart-travel-2021\/#primaryimage"},"datePublished":"2021-10-27T21:00:30+00:00","dateModified":"2021-10-27T21:17:04+00:00","author":{"@id":"https:\/\/2021.smartravel.pt\/#\/schema\/person\/2e689f1884632aabe413899b245efbdb"},"breadcrumb":{"@id":"https:\/\/2021.smartravel.pt\/pt-pt\/2021\/10\/27\/a-cidade-de-famalicao-sera-o-palco-do-smart-travel-2021\/#breadcrumb"},"inLanguage":"pt-PT","potentialAction":[{"@type":"ReadAction","target":["https:\/\/2021.smartravel.pt\/pt-pt\/2021\/10\/27\/a-cidade-de-famalicao-sera-o-palco-do-smart-travel-2021\/"]}]},{"@type":"BreadcrumbList","@id":"https:\/\/2021.smartravel.pt\/pt-pt\/2021\/10\/27\/a-cidade-de-famalicao-sera-o-palco-do-smart-travel-2021\/#breadcrumb","itemListElement":[{"@type":"ListItem","position":1,"name":"In\u00edcio","item":"https:\/\/2021.smartravel.pt\/pt-pt\/"},{"@type":"ListItem","position":2,"name":"A cidade de Famalic\u00e3o ser\u00e1 o palco do Smart Travel 2021"}]},{"@type":"Person","@id":"https:\/\/2021.smartravel.pt\/#\/schema\/person\/2e689f1884632aabe413899b245efbdb","name":"admin","image":{"@type":"ImageObject","@id":"https:\/\/2021.smartravel.pt\/#personlogo","inLanguage":"pt-PT","url":"https:\/\/secure.gravatar.com\/avatar\/51f3cf0c199a4bba4480ce0dbb21af77?s=96&d=mm&r=g","contentUrl":"https:\/\/secure.gravatar.com\/avatar\/51f3cf0c199a4bba4480ce0dbb21af77?s=96&d=mm&r=g","caption":"admin"},"sameAs":["https:\/\/2021.smartravel.pt"],"url":"https:\/\/2021.smartravel.pt\/pt-pt\/author\/admin\/"}]}},"_links":{"self":[{"href":"https:\/\/2021.smartravel.pt\/pt-pt\/wp-json\/wp\/v2\/posts\/1761"}],"collection":[{"href":"https:\/\/2021.smartravel.pt\/pt-pt\/wp-json\/wp\/v2\/posts"}],"about":[{"href":"https:\/\/2021.smartravel.pt\/pt-pt\/wp-json\/wp\/v2\/types\/post"}],"author":[{"embeddable":true,"href":"https:\/\/2021.smartravel.pt\/pt-pt\/wp-json\/wp\/v2\/users\/1"}],"replies":[{"embeddable":true,"href":"https:\/\/2021.smartravel.pt\/pt-pt\/wp-json\/wp\/v2\/comments?post=1761"}],"version-history":[{"count":2,"href":"https:\/\/2021.smartravel.pt\/pt-pt\/wp-json\/wp\/v2\/posts\/1761\/revisions"}],"predecessor-version":[{"id":1764,"href":"https:\/\/2021.smartravel.pt\/pt-pt\/wp-json\/wp\/v2\/posts\/1761\/revisions\/1764"}],"wp:featuredmedia":[{"embeddable":true,"href":"https:\/\/2021.smartravel.pt\/pt-pt\/wp-json\/wp\/v2\/media\/1762"}],"wp:attachment":[{"href":"https:\/\/2021.smartravel.pt\/pt-pt\/wp-json\/wp\/v2\/media?parent=1761"}],"wp:term":[{"taxonomy":"category","embeddable":true,"href":"https:\/\/2021.smartravel.pt\/pt-pt\/wp-json\/wp\/v2\/categories?post=1761"},{"taxonomy":"post_tag","embeddable":true,"href":"https:\/\/2021.smartravel.pt\/pt-pt\/wp-json\/wp\/v2\/tags?post=1761"}],"curies":[{"name":"wp","href":"https:\/\/api.w.org\/{rel}","templated":true}]}}