{"id":2131,"date":"2021-11-22T10:05:45","date_gmt":"2021-11-22T10:05:45","guid":{"rendered":"https:\/\/2021.smartravel.pt\/2021\/11\/22\/smart-travel-2021-um-festival-de-inteligencia-hibrido-em-famalicao\/"},"modified":"2021-11-22T10:08:51","modified_gmt":"2021-11-22T10:08:51","slug":"smart-travel-2021-um-festival-de-inteligencia-hibrido-em-famalicao","status":"publish","type":"post","link":"https:\/\/2021.smartravel.pt\/pt-pt\/2021\/11\/22\/smart-travel-2021-um-festival-de-inteligencia-hibrido-em-famalicao\/","title":{"rendered":"SMART TRAVEL 2021: Um \u201cfestival\u201d de intelig\u00eancia h\u00edbrido em Famalic\u00e3o"},"content":{"rendered":"<p>Est\u00e1 praticamente fechado o programa para a edi\u00e7\u00e3o deste ano do Smart Travel, o evento mais antigo em Portugal dedicado \u00e0s smart cities e vai decorrer na cidade de Famalic\u00e3o de 2 a 4 de dezembro.<\/p>\n<p>O modelo h\u00edbrido escolhido para 2021 permitir\u00e1 assistir \u00e0s apresenta\u00e7\u00f5es presenciais de oradores internacionais como <a href=\"https:\/\/2021.smartravel.pt\/portfolio\/carles-agusti-i-hernandez\/\">Carles Augusti I Hernandez<\/a>, <a href=\"https:\/\/2021.smartravel.pt\/portfolio\/pedro-neves\/\">Pedro Neves<\/a>, <a href=\"https:\/\/2021.smartravel.pt\/portfolio\/margarida-campolargo-arquitecta-consultora\/\">Margarida Campolargo<\/a>, entre outros e, tamb\u00e9m as participa\u00e7\u00f5es remotas de <a href=\"https:\/\/2021.smartravel.pt\/portfolio\/rhonda-binda\/\">Rhonda Binda<\/a>, <a href=\"https:\/\/2021.smartravel.pt\/portfolio\/barry-rogers\/\">Barry Rogers<\/a>, <a href=\"https:\/\/2021.smartravel.pt\/portfolio\/xabier-arruza\/\">Xabier Arruza<\/a>, <a href=\"https:\/\/2021.smartravel.pt\/portfolio\/huang-cui-chief-representative-of-beijing-office-of-hainan-provincial-bureau-of-international-economic-development-iedb\/\">Huang Cui<\/a>, <a href=\"https:\/\/2021.smartravel.pt\/portfolio\/carolina-tkachuk-smart-cities-network-of-argentina\/\">Carolina Tkachuk<\/a>, <a href=\"https:\/\/2021.smartravel.pt\/portfolio\/pablo-bustamante-partner-consultant-in-geocyl\/\">Pablo Bustamante<\/a>, <a href=\"https:\/\/2021.smartravel.pt\/portfolio\/gutinho-bernardees-mayor-of-areal-brazil\/\">Gutinho Bernardes<\/a>, <a href=\"https:\/\/2021.smartravel.pt\/portfolio\/aleksander-orlowski\/\">Aleksander Orlowski<\/a>, <a href=\"https:\/\/2021.smartravel.pt\/portfolio\/solange-arredondo\/\">Solange Arredondo<\/a>, e muitos outros que ir\u00e3o abrilhantar o evento com conte\u00fados diversos e focados em tem\u00e1ticas de smart cities, smart tourism, sustentabilidade, inova\u00e7\u00e3o, tecnologias, lideran\u00e7a e governabilidade, transi\u00e7\u00e3o digital, etc.<\/p>\n<p>Al\u00e9m dos oradores, o evento contar\u00e1 com dois pain\u00e9is tem\u00e1ticos. O primeiro, no dia 2 de dezembro, intitulado \u201cFood 4 Thoughts: Futuro Sustent\u00e1vel com Produtos Locais e Naturais\u201d abordar\u00e1 t\u00f3picos relacionados com a gastronomia, os produtos locais, a cultura e a ancestralidade, ecoturismo, inova\u00e7\u00e3o e criatividade contando para isso com a presen\u00e7a do fundador da Associa\u00e7\u00e3o Nacional de Street Food, <a href=\"https:\/\/2021.smartravel.pt\/portfolio\/luis-rato-empreendedor-e-fundador-associacao-street-food-portugal\/\">Luis Rato<\/a>, do <a href=\"http:\/\/www.gpousada.com\/more\/restaurante-g-conquista-a-primeira-estrela-michelin\/32\">Chef Michelin \u00d3scar Geadas<\/a>, do especialista em Ecoturismo <a href=\"https:\/\/2021.smartravel.pt\/portfolio\/joao-ministro-ecotourism-expert\/\">Jo\u00e3o Ministro<\/a> e da especialista em azeite e produtos oliv\u00edcolas, Helena Ferreira. O jornalista <a href=\"https:\/\/2021.smartravel.pt\/portfolio\/luis-costa-branco-jornalista\/\">Lu\u00eds Costa Branco<\/a> ser\u00e1 o moderador deste painel.<\/p>\n<p>A segunda mesa-redonda decorre no dia 3 e ser\u00e1 dedicada \u00e0s novas tecnologias com a presen\u00e7a de especialistas em Realidade Aumentada e Realidade Virtual, marketing digital, Centros de Comando e Controle, Digital Twins, etc. Participam neste painel, <a href=\"https:\/\/2021.smartravel.pt\/portfolio\/sara-eloy-director-of-istar-information-sciences-technologies-and-architecture-research-center\/\">Sara Elloy<\/a>, <a href=\"https:\/\/2021.smartravel.pt\/portfolio\/luis-bravo-martins\/\">Lu\u00eds Bravo Martins<\/a>, <a href=\"https:\/\/2021.smartravel.pt\/portfolio\/joao-monsanto-ceo-larm-publicidade\/\">Jo\u00e3o Monsanto<\/a> e Hugo Pinto.<\/p>\n<p>Ao longo dos tr\u00eas dias, ser\u00e3o ainda apresentados casos de cidades como Oeiras, Bragan\u00e7a, Vizela e Amarante al\u00e9m dos internacionais j\u00e1 mencionados (Bilbao, Hainan, Nova York, Dublin, Barcelona, Roma, Areal, etc).<\/p>\n<p>&nbsp;<\/p>\n<p><strong>\u201cFamalic\u00e3o B Smart\u201d em destaque<\/strong><\/p>\n<p>&nbsp;<\/p>\n<p>E, sendo Famalic\u00e3o a cidade anfitri\u00e3, naturalmente tamb\u00e9m n\u00e3o poderia faltar o destaque a todas as iniciativas encetadas por este munic\u00edpio nas \u00e1reas da intelig\u00eancia urbana e smart cities.<\/p>\n<p>Famalic\u00e3o tem apostado fortemente no desenvolvimento da sua plataforma de Smart City \u201c<a href=\"https:\/\/famalicao.city-platform.com\/portal\/\">Famalic\u00e3o B Smart<\/a>\u201d.<\/p>\n<p>Desde 2019 que a cidade tem estado a trabalhar na agrega\u00e7\u00e3o de informa\u00e7\u00e3o, com prioridade para os indicadores de gest\u00e3o interna do munic\u00edpio, que \u201cacabam, mais tarde, por ser tamb\u00e9m externos\u201d, explicou V\u00edtor Moreira, o respons\u00e1vel do projeto. Este \u00e9 um trabalho que chega a \u201ctoda a gente dentro da autarquia\u201d, numa abordagem transversal, refere, esclarecendo que a inten\u00e7\u00e3o do munic\u00edpio para se tornar uma cidade inteligente passa por trabalhar \u201chorizontalmente\u201d e n\u00e3o se focando apenas em determinados verticais.<\/p>\n<p>Tornar-se em 2021 na cidade anfitri\u00e3 de um dos mais importantes eventos internacionais de smart cities e smart tourism ser\u00e1 mais um impulso para colocar Famalic\u00e3o no radar dos bons exemplos de pol\u00edticas de intelig\u00eancia urbana, com estrat\u00e9gias de desenvolvimento sustent\u00e1vel para o futuro.<\/p>\n<p>O Smart Travel ir\u00e1 ter dois palcos na cidade famalicense: a <a href=\"https:\/\/www.google.com\/url?sa=t&amp;rct=j&amp;q=&amp;esrc=s&amp;source=web&amp;cd=&amp;cad=rja&amp;uact=8&amp;ved=2ahUKEwiKzMi8x430AhWGg_0HHVD3DgUQFnoECAUQAQ&amp;url=http%3A%2F%2Fwww.casadasartes.org%2F&amp;usg=AOvVaw1NXcM6s11TJzDyyHE4eRHw\">Casa das Artes<\/a> (pequeno audit\u00f3rio) e tamb\u00e9m a <a href=\"http:\/\/www.camilocastelobranco.org\/\">Casa de Camilo<\/a>, uma casa museu recuperada e dedicada ao escritor portugu\u00eas.<\/p>\n<p>Consulte o Programa em <a href=\"https:\/\/2021.smartravel.pt\">www.smartravel.pt<\/a> e registe-se gratuitamente no evento que tamb\u00e9m ser\u00e1 transmitido via web.<\/p>\n<p>Smart Travel, a Intelig\u00eancia \u00e9 o destino!<\/p>\n","protected":false},"excerpt":{"rendered":"<p>Est&aacute; praticamente fechado o programa para a edi&ccedil;&atilde;o deste ano do Smart Travel, o evento mais antigo em Portugal dedicado<\/p>\n<p><a href=\"https:\/\/2021.smartravel.pt\/pt-pt\/2021\/11\/22\/smart-travel-2021-um-festival-de-inteligencia-hibrido-em-famalicao\/\" class=\"more-link\">Continue reading<span class=\"screen-reader-text\">SMART TRAVEL 2021: Um \u201cfestival\u201d de intelig\u00eancia h\u00edbrido em Famalic\u00e3o<\/span><\/a><\/p>\n","protected":false},"author":1,"featured_media":1573,"comment_status":"open","ping_status":"open","sticky":false,"template":"","format":"standard","meta":{"_links_to":"","_links_to_target":""},"categories":[13,19],"tags":[],"yoast_head":"<!-- This site is optimized with the Yoast SEO plugin v17.7.1 - https:\/\/yoast.com\/wordpress\/plugins\/seo\/ -->\n<title>SMART TRAVEL 2021: Um \u201cfestival\u201d de intelig\u00eancia h\u00edbrido em Famalic\u00e3o - Smart Travel 2021<\/title>\n<meta name=\"robots\" content=\"index, follow, max-snippet:-1, max-image-preview:large, max-video-preview:-1\" \/>\n<link rel=\"canonical\" href=\"https:\/\/2021.smartravel.pt\/pt-pt\/2021\/11\/22\/smart-travel-2021-um-festival-de-inteligencia-hibrido-em-famalicao\/\" \/>\n<meta property=\"og:locale\" content=\"pt_PT\" \/>\n<meta property=\"og:type\" content=\"article\" \/>\n<meta property=\"og:title\" content=\"SMART TRAVEL 2021: Um \u201cfestival\u201d de intelig\u00eancia h\u00edbrido em Famalic\u00e3o - Smart Travel 2021\" \/>\n<meta property=\"og:description\" content=\"Est&aacute; praticamente fechado o programa para a edi&ccedil;&atilde;o deste ano do Smart Travel, o evento mais antigo em Portugal dedicadoContinue readingSMART TRAVEL 2021: Um \u201cfestival\u201d de intelig\u00eancia h\u00edbrido em Famalic\u00e3o\" \/>\n<meta property=\"og:url\" content=\"https:\/\/2021.smartravel.pt\/pt-pt\/2021\/11\/22\/smart-travel-2021-um-festival-de-inteligencia-hibrido-em-famalicao\/\" \/>\n<meta property=\"og:site_name\" content=\"Smart Travel 2021\" \/>\n<meta property=\"article:publisher\" content=\"https:\/\/www.facebook.com\/smartravelevent\/\" \/>\n<meta property=\"article:published_time\" content=\"2021-11-22T10:05:45+00:00\" \/>\n<meta property=\"article:modified_time\" content=\"2021-11-22T10:08:51+00:00\" \/>\n<meta property=\"og:image\" content=\"https:\/\/2021.smartravel.pt\/wp-content\/uploads\/2021\/10\/st2021_promos5.jpg\" \/>\n\t<meta property=\"og:image:width\" content=\"1920\" \/>\n\t<meta property=\"og:image:height\" content=\"1080\" \/>\n<meta name=\"twitter:card\" content=\"summary_large_image\" \/>\n<meta name=\"twitter:title\" content=\"-1177\" \/>\n<meta name=\"twitter:description\" content=\"30\" \/>\n<meta name=\"twitter:image\" content=\"false\" \/>\n<meta name=\"twitter:creator\" content=\"@smartravel\" \/>\n<meta name=\"twitter:site\" content=\"@smartravel\" \/>\n<meta name=\"twitter:label1\" content=\"Escrito por\" \/>\n\t<meta name=\"twitter:data1\" content=\"admin\" \/>\n\t<meta name=\"twitter:label2\" content=\"Tempo estimado de leitura\" \/>\n\t<meta name=\"twitter:data2\" content=\"3 minutos\" \/>\n<script type=\"application\/ld+json\" class=\"yoast-schema-graph\">{\"@context\":\"https:\/\/schema.org\",\"@graph\":[{\"@type\":\"WebSite\",\"@id\":\"https:\/\/2021.smartravel.pt\/#website\",\"url\":\"https:\/\/2021.smartravel.pt\/\",\"name\":\"Smart Travel 2021\",\"description\":\"Festival of Intelligence\",\"potentialAction\":[{\"@type\":\"SearchAction\",\"target\":{\"@type\":\"EntryPoint\",\"urlTemplate\":\"https:\/\/2021.smartravel.pt\/?s={search_term_string}\"},\"query-input\":\"required name=search_term_string\"}],\"inLanguage\":\"pt-PT\"},{\"@type\":\"ImageObject\",\"@id\":\"https:\/\/2021.smartravel.pt\/pt-pt\/2021\/11\/22\/smart-travel-2021-um-festival-de-inteligencia-hibrido-em-famalicao\/#primaryimage\",\"inLanguage\":\"pt-PT\",\"url\":\"\",\"contentUrl\":\"\"},{\"@type\":\"WebPage\",\"@id\":\"https:\/\/2021.smartravel.pt\/pt-pt\/2021\/11\/22\/smart-travel-2021-um-festival-de-inteligencia-hibrido-em-famalicao\/#webpage\",\"url\":\"https:\/\/2021.smartravel.pt\/pt-pt\/2021\/11\/22\/smart-travel-2021-um-festival-de-inteligencia-hibrido-em-famalicao\/\",\"name\":\"SMART TRAVEL 2021: Um \\u201cfestival\\u201d de intelig\\u00eancia h\\u00edbrido em Famalic\\u00e3o - Smart Travel 2021\",\"isPartOf\":{\"@id\":\"https:\/\/2021.smartravel.pt\/#website\"},\"primaryImageOfPage\":{\"@id\":\"https:\/\/2021.smartravel.pt\/pt-pt\/2021\/11\/22\/smart-travel-2021-um-festival-de-inteligencia-hibrido-em-famalicao\/#primaryimage\"},\"datePublished\":\"2021-11-22T10:05:45+00:00\",\"dateModified\":\"2021-11-22T10:08:51+00:00\",\"author\":{\"@id\":\"https:\/\/2021.smartravel.pt\/#\/schema\/person\/2e689f1884632aabe413899b245efbdb\"},\"breadcrumb\":{\"@id\":\"https:\/\/2021.smartravel.pt\/pt-pt\/2021\/11\/22\/smart-travel-2021-um-festival-de-inteligencia-hibrido-em-famalicao\/#breadcrumb\"},\"inLanguage\":\"pt-PT\",\"potentialAction\":[{\"@type\":\"ReadAction\",\"target\":[\"https:\/\/2021.smartravel.pt\/pt-pt\/2021\/11\/22\/smart-travel-2021-um-festival-de-inteligencia-hibrido-em-famalicao\/\"]}]},{\"@type\":\"BreadcrumbList\",\"@id\":\"https:\/\/2021.smartravel.pt\/pt-pt\/2021\/11\/22\/smart-travel-2021-um-festival-de-inteligencia-hibrido-em-famalicao\/#breadcrumb\",\"itemListElement\":[{\"@type\":\"ListItem\",\"position\":1,\"name\":\"In\\u00edcio\",\"item\":\"https:\/\/2021.smartravel.pt\/pt-pt\/\"},{\"@type\":\"ListItem\",\"position\":2,\"name\":\"SMART TRAVEL 2021: Um \\u201cfestival\\u201d de intelig\\u00eancia h\\u00edbrido em Famalic\\u00e3o\"}]},{\"@type\":\"Person\",\"@id\":\"https:\/\/2021.smartravel.pt\/#\/schema\/person\/2e689f1884632aabe413899b245efbdb\",\"name\":\"admin\",\"image\":{\"@type\":\"ImageObject\",\"@id\":\"https:\/\/2021.smartravel.pt\/#personlogo\",\"inLanguage\":\"pt-PT\",\"url\":\"https:\/\/secure.gravatar.com\/avatar\/51f3cf0c199a4bba4480ce0dbb21af77?s=96&d=mm&r=g\",\"contentUrl\":\"https:\/\/secure.gravatar.com\/avatar\/51f3cf0c199a4bba4480ce0dbb21af77?s=96&d=mm&r=g\",\"caption\":\"admin\"},\"sameAs\":[\"https:\/\/2021.smartravel.pt\"],\"url\":\"https:\/\/2021.smartravel.pt\/pt-pt\/author\/admin\/\"}]}<\/script>\n<!-- \/ Yoast SEO plugin. -->","yoast_head_json":{"title":"SMART TRAVEL 2021: Um \u201cfestival\u201d de intelig\u00eancia h\u00edbrido em Famalic\u00e3o - Smart Travel 2021","robots":{"index":"index","follow":"follow","max-snippet":"max-snippet:-1","max-image-preview":"max-image-preview:large","max-video-preview":"max-video-preview:-1"},"canonical":"https:\/\/2021.smartravel.pt\/pt-pt\/2021\/11\/22\/smart-travel-2021-um-festival-de-inteligencia-hibrido-em-famalicao\/","og_locale":"pt_PT","og_type":"article","og_title":"SMART TRAVEL 2021: Um \u201cfestival\u201d de intelig\u00eancia h\u00edbrido em Famalic\u00e3o - Smart Travel 2021","og_description":"Est&aacute; praticamente fechado o programa para a edi&ccedil;&atilde;o deste ano do Smart Travel, o evento mais antigo em Portugal dedicadoContinue readingSMART TRAVEL 2021: Um \u201cfestival\u201d de intelig\u00eancia h\u00edbrido em Famalic\u00e3o","og_url":"https:\/\/2021.smartravel.pt\/pt-pt\/2021\/11\/22\/smart-travel-2021-um-festival-de-inteligencia-hibrido-em-famalicao\/","og_site_name":"Smart Travel 2021","article_publisher":"https:\/\/www.facebook.com\/smartravelevent\/","article_published_time":"2021-11-22T10:05:45+00:00","article_modified_time":"2021-11-22T10:08:51+00:00","og_image":[{"width":1920,"height":1080,"url":"https:\/\/2021.smartravel.pt\/wp-content\/uploads\/2021\/10\/st2021_promos5.jpg","type":"image\/jpeg"}],"twitter_card":"summary_large_image","twitter_title":"-1177","twitter_description":"30","twitter_image":"false","twitter_creator":"@smartravel","twitter_site":"@smartravel","twitter_misc":{"Escrito por":"admin","Tempo estimado de leitura":"3 minutos"},"schema":{"@context":"https:\/\/schema.org","@graph":[{"@type":"WebSite","@id":"https:\/\/2021.smartravel.pt\/#website","url":"https:\/\/2021.smartravel.pt\/","name":"Smart Travel 2021","description":"Festival of Intelligence","potentialAction":[{"@type":"SearchAction","target":{"@type":"EntryPoint","urlTemplate":"https:\/\/2021.smartravel.pt\/?s={search_term_string}"},"query-input":"required name=search_term_string"}],"inLanguage":"pt-PT"},{"@type":"ImageObject","@id":"https:\/\/2021.smartravel.pt\/pt-pt\/2021\/11\/22\/smart-travel-2021-um-festival-de-inteligencia-hibrido-em-famalicao\/#primaryimage","inLanguage":"pt-PT","url":"","contentUrl":""},{"@type":"WebPage","@id":"https:\/\/2021.smartravel.pt\/pt-pt\/2021\/11\/22\/smart-travel-2021-um-festival-de-inteligencia-hibrido-em-famalicao\/#webpage","url":"https:\/\/2021.smartravel.pt\/pt-pt\/2021\/11\/22\/smart-travel-2021-um-festival-de-inteligencia-hibrido-em-famalicao\/","name":"SMART TRAVEL 2021: Um \u201cfestival\u201d de intelig\u00eancia h\u00edbrido em Famalic\u00e3o - Smart Travel 2021","isPartOf":{"@id":"https:\/\/2021.smartravel.pt\/#website"},"primaryImageOfPage":{"@id":"https:\/\/2021.smartravel.pt\/pt-pt\/2021\/11\/22\/smart-travel-2021-um-festival-de-inteligencia-hibrido-em-famalicao\/#primaryimage"},"datePublished":"2021-11-22T10:05:45+00:00","dateModified":"2021-11-22T10:08:51+00:00","author":{"@id":"https:\/\/2021.smartravel.pt\/#\/schema\/person\/2e689f1884632aabe413899b245efbdb"},"breadcrumb":{"@id":"https:\/\/2021.smartravel.pt\/pt-pt\/2021\/11\/22\/smart-travel-2021-um-festival-de-inteligencia-hibrido-em-famalicao\/#breadcrumb"},"inLanguage":"pt-PT","potentialAction":[{"@type":"ReadAction","target":["https:\/\/2021.smartravel.pt\/pt-pt\/2021\/11\/22\/smart-travel-2021-um-festival-de-inteligencia-hibrido-em-famalicao\/"]}]},{"@type":"BreadcrumbList","@id":"https:\/\/2021.smartravel.pt\/pt-pt\/2021\/11\/22\/smart-travel-2021-um-festival-de-inteligencia-hibrido-em-famalicao\/#breadcrumb","itemListElement":[{"@type":"ListItem","position":1,"name":"In\u00edcio","item":"https:\/\/2021.smartravel.pt\/pt-pt\/"},{"@type":"ListItem","position":2,"name":"SMART TRAVEL 2021: Um \u201cfestival\u201d de intelig\u00eancia h\u00edbrido em Famalic\u00e3o"}]},{"@type":"Person","@id":"https:\/\/2021.smartravel.pt\/#\/schema\/person\/2e689f1884632aabe413899b245efbdb","name":"admin","image":{"@type":"ImageObject","@id":"https:\/\/2021.smartravel.pt\/#personlogo","inLanguage":"pt-PT","url":"https:\/\/secure.gravatar.com\/avatar\/51f3cf0c199a4bba4480ce0dbb21af77?s=96&d=mm&r=g","contentUrl":"https:\/\/secure.gravatar.com\/avatar\/51f3cf0c199a4bba4480ce0dbb21af77?s=96&d=mm&r=g","caption":"admin"},"sameAs":["https:\/\/2021.smartravel.pt"],"url":"https:\/\/2021.smartravel.pt\/pt-pt\/author\/admin\/"}]}},"_links":{"self":[{"href":"https:\/\/2021.smartravel.pt\/pt-pt\/wp-json\/wp\/v2\/posts\/2131"}],"collection":[{"href":"https:\/\/2021.smartravel.pt\/pt-pt\/wp-json\/wp\/v2\/posts"}],"about":[{"href":"https:\/\/2021.smartravel.pt\/pt-pt\/wp-json\/wp\/v2\/types\/post"}],"author":[{"embeddable":true,"href":"https:\/\/2021.smartravel.pt\/pt-pt\/wp-json\/wp\/v2\/users\/1"}],"replies":[{"embeddable":true,"href":"https:\/\/2021.smartravel.pt\/pt-pt\/wp-json\/wp\/v2\/comments?post=2131"}],"version-history":[{"count":2,"href":"https:\/\/2021.smartravel.pt\/pt-pt\/wp-json\/wp\/v2\/posts\/2131\/revisions"}],"predecessor-version":[{"id":2135,"href":"https:\/\/2021.smartravel.pt\/pt-pt\/wp-json\/wp\/v2\/posts\/2131\/revisions\/2135"}],"wp:featuredmedia":[{"embeddable":true,"href":"https:\/\/2021.smartravel.pt\/pt-pt\/wp-json\/wp\/v2\/media\/1573"}],"wp:attachment":[{"href":"https:\/\/2021.smartravel.pt\/pt-pt\/wp-json\/wp\/v2\/media?parent=2131"}],"wp:term":[{"taxonomy":"category","embeddable":true,"href":"https:\/\/2021.smartravel.pt\/pt-pt\/wp-json\/wp\/v2\/categories?post=2131"},{"taxonomy":"post_tag","embeddable":true,"href":"https:\/\/2021.smartravel.pt\/pt-pt\/wp-json\/wp\/v2\/tags?post=2131"}],"curies":[{"name":"wp","href":"https:\/\/api.w.org\/{rel}","templated":true}]}}